{"id":3426,"date":"2011-10-30T20:31:20","date_gmt":"2011-10-30T18:31:20","guid":{"rendered":"http:\/\/baroga.ch\/?p=3426"},"modified":"2011-10-31T08:36:05","modified_gmt":"2011-10-31T06:36:05","slug":"oktoberfreuden-the-pleasures-of-october","status":"publish","type":"post","link":"https:\/\/baroga.ch\/?p=3426","title":{"rendered":"Oktoberfreuden \/ The pleasures of October"},"content":{"rendered":"<p><a href=\"http:\/\/baroga.ch\/wp-content\/uploads\/2011\/10\/IMG_3576.jpg\" class=\"thickbox no_icon\"><img loading=\"lazy\" decoding=\"async\" class=\"aligncenter size-medium wp-image-3427\" title=\"IMG_3576\" src=\"http:\/\/baroga.ch\/wp-content\/uploads\/2011\/10\/IMG_3576-450x318.jpg\" alt=\"\" width=\"450\" height=\"318\" srcset=\"https:\/\/baroga.ch\/wp-content\/uploads\/2011\/10\/IMG_3576-450x318.jpg 450w, https:\/\/baroga.ch\/wp-content\/uploads\/2011\/10\/IMG_3576.jpg 622w\" sizes=\"auto, (max-width: 450px) 100vw, 450px\" \/><\/a>Es sind doch mehrere Wochen vergangen seit meinem letzten Eintrag. Herzlichen Dank f\u00fcr all die guten W\u00fcnsche, die mir zugeschickt worden sind. Ich habe mich sehr gefreut dar\u00fcber&#8230;.und sie haben geholfen \ud83d\ude42 ! Mit der wiedergewonnenen Mobilit\u00e4t ist auch die Lust am Bloggen wieder da. Vieles wurde im Oktober deshalb nachgeholt&#8230;.und mein Computer hatte Urlaub \ud83d\ude09 ! Nein, es gab keine Reise ans Meer, wie vielleicht das obige Bild vort\u00e4uschen k\u00f6nnte, aber ab und zu Ausfl\u00fcge in die Berge&#8230;.<\/p>\n<p><span style=\"color: #0000ff;\">A few weeks passed since my last entry here. Thank you so much for all your kind wishes&#8230;they helped \ud83d\ude42 ! Now, having my mobility again, I&#8217;m looking forward to going on with blogging. I had to catch up a lot of things in October &#8230; and so my computer was on holiday for a while \ud83d\ude09 ! No, I didn&#8217;t make a trip to the sea, as the above picture could pretend but we made some excursions&#8230;.<\/span><\/p>\n<p><img loading=\"lazy\" decoding=\"async\" class=\"aligncenter size-medium wp-image-3428\" title=\"IMG_3574\" src=\"http:\/\/baroga.ch\/wp-content\/uploads\/2011\/10\/IMG_3574-450x337.jpg\" alt=\"\" width=\"450\" height=\"337\" srcset=\"https:\/\/baroga.ch\/wp-content\/uploads\/2011\/10\/IMG_3574-450x337.jpg 450w, https:\/\/baroga.ch\/wp-content\/uploads\/2011\/10\/IMG_3574.jpg 640w\" sizes=\"auto, (max-width: 450px) 100vw, 450px\" \/><br \/>\nwo die beiden Nebelmeerphotos gemacht wurden.<\/p>\n<p><span style=\"color: #0000ff;\">to the mountains where I also took the above two pictures of the sea of fog.<\/span><\/p>\n<p><a href=\"http:\/\/baroga.ch\/wp-content\/uploads\/2011\/10\/IMG_3458.jpg\" class=\"thickbox no_icon\"><img loading=\"lazy\" decoding=\"async\" class=\"aligncenter size-medium wp-image-3429\" title=\"IMG_3458\" src=\"http:\/\/baroga.ch\/wp-content\/uploads\/2011\/10\/IMG_3458-300x400.jpg\" alt=\"\" width=\"300\" height=\"400\" srcset=\"https:\/\/baroga.ch\/wp-content\/uploads\/2011\/10\/IMG_3458-300x400.jpg 300w, https:\/\/baroga.ch\/wp-content\/uploads\/2011\/10\/IMG_3458.jpg 480w\" sizes=\"auto, (max-width: 300px) 100vw, 300px\" \/><\/a><a href=\"http:\/\/baroga.ch\/wp-content\/uploads\/2011\/10\/IMG_3456.jpg\" class=\"thickbox no_icon\"><img loading=\"lazy\" decoding=\"async\" class=\"aligncenter size-medium wp-image-3430\" title=\"IMG_3456\" src=\"http:\/\/baroga.ch\/wp-content\/uploads\/2011\/10\/IMG_3456-450x337.jpg\" alt=\"\" width=\"450\" height=\"337\" srcset=\"https:\/\/baroga.ch\/wp-content\/uploads\/2011\/10\/IMG_3456-450x337.jpg 450w, https:\/\/baroga.ch\/wp-content\/uploads\/2011\/10\/IMG_3456.jpg 640w\" sizes=\"auto, (max-width: 450px) 100vw, 450px\" \/><\/a>Im Garten ist wieder gearbeitet worden, da ja vieles liegengeblieben war in den letzten drei Monaten. Mein &#8222;Gartenengel&#8220; hat mir einige Male dabei geholfen, u.a. wurde endlich auch der Buchs geschnitten. Dieses Jahr hatten wir gl\u00fccklicherweise keinen Buchsbaumz\u00fcnslerbefall.<\/p>\n<p><span style=\"color: #0000ff;\">I started to work again in the garden as a lot of things haven&#8217;t been done during the last three months. My &#8222;garden angel&#8220;\u00a0\u00a0 helped several times. Among other jobs we finally trimmed all the box.\u00a0 This year we luckily didn&#8217;t have any affection by the &#8222;<em>dyaphania perspectalis<\/em>&#8222;.<\/span><\/p>\n<p><a href=\"http:\/\/baroga.ch\/wp-content\/uploads\/2011\/10\/IMG_3455.jpg\" class=\"thickbox no_icon\"><img loading=\"lazy\" decoding=\"async\" class=\"aligncenter size-medium wp-image-3431\" title=\"IMG_3455\" src=\"http:\/\/baroga.ch\/wp-content\/uploads\/2011\/10\/IMG_3455-450x337.jpg\" alt=\"\" width=\"450\" height=\"337\" srcset=\"https:\/\/baroga.ch\/wp-content\/uploads\/2011\/10\/IMG_3455-450x337.jpg 450w, https:\/\/baroga.ch\/wp-content\/uploads\/2011\/10\/IMG_3455.jpg 640w\" sizes=\"auto, (max-width: 450px) 100vw, 450px\" \/><\/a>Das herbstlich bunte Gartenkleid gef\u00e4llt mir jedes Jahr mehr (eine Frage des Alters??).<\/p>\n<p><span style=\"color: #0000ff;\">The older I get, the more I like the autumnal colors in the garden. Is this a matter of age?<\/span><\/p>\n<p><a href=\"http:\/\/baroga.ch\/wp-content\/uploads\/2011\/10\/IMG_3448.jpg\" class=\"thickbox no_icon\"><img loading=\"lazy\" decoding=\"async\" class=\"aligncenter size-medium wp-image-3432\" title=\"IMG_3448\" src=\"http:\/\/baroga.ch\/wp-content\/uploads\/2011\/10\/IMG_3448-450x337.jpg\" alt=\"\" width=\"450\" height=\"337\" srcset=\"https:\/\/baroga.ch\/wp-content\/uploads\/2011\/10\/IMG_3448-450x337.jpg 450w, https:\/\/baroga.ch\/wp-content\/uploads\/2011\/10\/IMG_3448.jpg 640w\" sizes=\"auto, (max-width: 450px) 100vw, 450px\" \/><\/a>Passend zur Jahreszeit zeigten sich Pilze auf unserer Wiese. Pl\u00f6tzlich waren sie da \ud83d\ude42 ! Und erst auf den zweiten Blick entdeckte ich auch noch, auf einem sich bis auf den Boden neigenden Rosenzweig, die Bl\u00fcte der <em>Stanwell Perpetual<\/em>.<\/p>\n<p><span style=\"color: #0000ff;\">Perfect matching to the time of the year, we got mushrooms in our lawn. They suddenly appeared \ud83d\ude42 ! When looking a bit closer I also discovered the last flower of the rose &#8222;<em>Stanwell Perpetual<\/em>&#8222;.<\/span><\/p>\n<p><a href=\"http:\/\/baroga.ch\/wp-content\/uploads\/2011\/10\/IMG_3425.jpg\" class=\"thickbox no_icon\"><img loading=\"lazy\" decoding=\"async\" class=\"aligncenter size-medium wp-image-3433\" title=\"IMG_3425\" src=\"http:\/\/baroga.ch\/wp-content\/uploads\/2011\/10\/IMG_3425-300x400.jpg\" alt=\"\" width=\"300\" height=\"400\" srcset=\"https:\/\/baroga.ch\/wp-content\/uploads\/2011\/10\/IMG_3425-300x400.jpg 300w, https:\/\/baroga.ch\/wp-content\/uploads\/2011\/10\/IMG_3425.jpg 750w\" sizes=\"auto, (max-width: 300px) 100vw, 300px\" \/><\/a>Dieses pr\u00e4chtig strahlende Blau des Geraniums &#8222;<em>Rozanne<\/em>&#8220; leuchtet um die Wette mit den herbstlich gelb-rot-braunen Farbt\u00f6nen, die jetzt im Garten vorherrschen.<\/p>\n<p><span style=\"color: #0000ff;\">This splendid blue of the geranium &#8222;<em>Rozanne<\/em>&#8220; is raceing against the autumnal yellow-red-brown colors that now predominate in the garden.<\/span><\/p>\n<p><a href=\"http:\/\/baroga.ch\/wp-content\/uploads\/2011\/10\/IMG_3504.jpg\" class=\"thickbox no_icon\"><img loading=\"lazy\" decoding=\"async\" class=\"aligncenter size-medium wp-image-3434\" title=\"IMG_3504\" src=\"http:\/\/baroga.ch\/wp-content\/uploads\/2011\/10\/IMG_3504-450x337.jpg\" alt=\"\" width=\"450\" height=\"337\" srcset=\"https:\/\/baroga.ch\/wp-content\/uploads\/2011\/10\/IMG_3504-450x337.jpg 450w, https:\/\/baroga.ch\/wp-content\/uploads\/2011\/10\/IMG_3504.jpg 640w\" sizes=\"auto, (max-width: 450px) 100vw, 450px\" \/><\/a>Und wie jedes Jahr, p\u00fcnktlich im Oktober, ist die Blattf\u00e4rbung des Amberbaumes ein spezieller Blickfang im Garten.<\/p>\n<p><span style=\"color: #0000ff;\">Every year and exact on time in October, the beautiful red of the <em>liquidambar styraciflua<\/em> \u00a0\u00a0 becomes the eyecatcher in the garden.<\/span><\/p>\n<p><a href=\"http:\/\/baroga.ch\/wp-content\/uploads\/2011\/10\/IMG_3510.jpg\" class=\"thickbox no_icon\"><img loading=\"lazy\" decoding=\"async\" class=\"aligncenter size-medium wp-image-3436\" title=\"IMG_3510\" src=\"http:\/\/baroga.ch\/wp-content\/uploads\/2011\/10\/IMG_3510-450x337.jpg\" alt=\"\" width=\"450\" height=\"337\" srcset=\"https:\/\/baroga.ch\/wp-content\/uploads\/2011\/10\/IMG_3510-450x337.jpg 450w, https:\/\/baroga.ch\/wp-content\/uploads\/2011\/10\/IMG_3510.jpg 640w\" sizes=\"auto, (max-width: 450px) 100vw, 450px\" \/><\/a>Auch der &#8222;Berggarten&#8220; will f\u00fcr den Winter vorbereitet werden. Auf dem Weg dorthin haben wir einen Zwischenhalt am sch\u00f6nen Thunersee gemacht.<\/p>\n<p><span style=\"color: #0000ff;\">The little garden at our cabin in the mountains also needs to be prepared for winter. On the way to it we made a short stop at the beautiful lake of Thun.<\/span><\/p>\n<p><a href=\"http:\/\/baroga.ch\/wp-content\/uploads\/2011\/10\/IMG_3520.jpg\" class=\"thickbox no_icon\"><img loading=\"lazy\" decoding=\"async\" class=\"aligncenter size-medium wp-image-3437\" title=\"IMG_3520\" src=\"http:\/\/baroga.ch\/wp-content\/uploads\/2011\/10\/IMG_3520-450x337.jpg\" alt=\"\" width=\"450\" height=\"337\" srcset=\"https:\/\/baroga.ch\/wp-content\/uploads\/2011\/10\/IMG_3520-450x337.jpg 450w, https:\/\/baroga.ch\/wp-content\/uploads\/2011\/10\/IMG_3520.jpg 622w\" sizes=\"auto, (max-width: 450px) 100vw, 450px\" \/><\/a>Farbe, wunderbare Fernsicht, Sonne und angenehme Temperaturen um die 10\u00b0C\u00a0 machten den Tag perfekt.<\/p>\n<p><span style=\"color: #0000ff;\">Autumn colors, a splendid view, sunshine and pleasant temperatures around 10\u00b0C made the day perfect.<\/span><\/p>\n<p><a href=\"http:\/\/baroga.ch\/wp-content\/uploads\/2011\/10\/IMG_3531.jpg\" class=\"thickbox no_icon\"><img loading=\"lazy\" decoding=\"async\" class=\"aligncenter size-medium wp-image-3438\" title=\"IMG_3531\" src=\"http:\/\/baroga.ch\/wp-content\/uploads\/2011\/10\/IMG_3531-450x337.jpg\" alt=\"\" width=\"450\" height=\"337\" srcset=\"https:\/\/baroga.ch\/wp-content\/uploads\/2011\/10\/IMG_3531-450x337.jpg 450w, https:\/\/baroga.ch\/wp-content\/uploads\/2011\/10\/IMG_3531.jpg 640w\" sizes=\"auto, (max-width: 450px) 100vw, 450px\" \/><\/a>In Adelboden haben wir den Schnee fast in Greifn\u00e4he angetroffen. Von unserem Sitzplatz aus sehen wir die Berge bereits mit Schnee \u00fcberzuckert.<\/p>\n<p><span style=\"color: #0000ff;\">In Adelboden we could almost touch the first snow. From our sitting place there we can see the mountains powdered with snow.<\/span><\/p>\n<p><a href=\"http:\/\/baroga.ch\/wp-content\/uploads\/2011\/10\/IMG_3523.jpg\" class=\"thickbox no_icon\"><img loading=\"lazy\" decoding=\"async\" class=\"aligncenter size-medium wp-image-3439\" title=\"IMG_3523\" src=\"http:\/\/baroga.ch\/wp-content\/uploads\/2011\/10\/IMG_3523-450x337.jpg\" alt=\"\" width=\"450\" height=\"337\" srcset=\"https:\/\/baroga.ch\/wp-content\/uploads\/2011\/10\/IMG_3523-450x337.jpg 450w, https:\/\/baroga.ch\/wp-content\/uploads\/2011\/10\/IMG_3523.jpg 640w\" sizes=\"auto, (max-width: 450px) 100vw, 450px\" \/><\/a>Zu meiner Freude konnte ich noch mehrere Bl\u00fcten der Edelweisspflanze im dortigen Garten entdecken und die in diesem Jahr frisch gepflanzten Rosen zeigten sich ebenfalls immer noch bl\u00fchend. Jetzt bin ich nat\u00fcrlich gespannt, wie die Pflanzen den langen Bergwinter\u00a0 \u00fcberstehen werden.<\/p>\n<p><span style=\"color: #0000ff;\">It was such a joy to still discover several flowers of the &#8222;<em>Edelweiss<\/em>&#8220; &#8230; and the roses I planted in Spring were still blooming too. I am wondering how these new plants will survive the hard and long winter in the mountains.<\/span><\/p>\n<p><a href=\"http:\/\/baroga.ch\/wp-content\/uploads\/2011\/10\/IMG_3451.jpg\" class=\"thickbox no_icon\"><img loading=\"lazy\" decoding=\"async\" class=\"aligncenter size-medium wp-image-3440\" title=\"IMG_3451\" src=\"http:\/\/baroga.ch\/wp-content\/uploads\/2011\/10\/IMG_3451-450x337.jpg\" alt=\"\" width=\"450\" height=\"337\" srcset=\"https:\/\/baroga.ch\/wp-content\/uploads\/2011\/10\/IMG_3451-450x337.jpg 450w, https:\/\/baroga.ch\/wp-content\/uploads\/2011\/10\/IMG_3451.jpg 640w\" sizes=\"auto, (max-width: 450px) 100vw, 450px\" \/><\/a>Daheim galt es dann Gartensch\u00e4tze zu verwerten. K\u00fcrbis und Quitten wurden f\u00fcr den Winter eingemacht und verarbeitet. Mein Quittenbaum allerdings scheint den Bl\u00e4ttern und Fr\u00fcchten nach krank zu sein. Ob es n\u00e4chstes Jahr noch eine Ernte geben wird? Der Fr\u00fchling wird es zeigen.<\/p>\n<p><span style=\"color: #0000ff;\">At home I was quite busy in the kitchen. Quinces and pumpkins were cooked (marmelade, soups, cakes, etc.), all supplies\u00a0 for winter. My quince tree however, seems to be diseased. I am not quite sure whether there will be another harvest next year. Spring will show.<\/span><\/p>\n<p><a href=\"http:\/\/baroga.ch\/wp-content\/uploads\/2011\/10\/IMG_3554.jpg\" class=\"thickbox no_icon\"><img loading=\"lazy\" decoding=\"async\" class=\"aligncenter size-medium wp-image-3441\" title=\"IMG_3554\" src=\"http:\/\/baroga.ch\/wp-content\/uploads\/2011\/10\/IMG_3554-450x337.jpg\" alt=\"\" width=\"450\" height=\"337\" srcset=\"https:\/\/baroga.ch\/wp-content\/uploads\/2011\/10\/IMG_3554-450x337.jpg 450w, https:\/\/baroga.ch\/wp-content\/uploads\/2011\/10\/IMG_3554.jpg 640w\" sizes=\"auto, (max-width: 450px) 100vw, 450px\" \/><\/a>Dass der Winter in absehbarer Zeit da ist, zeigt sich auch am <em>Viburnum Bodnantense &#8222;Dawn&#8220;<\/em>, der bereits einige offene Bl\u00fcten hat. Der Duft ist allerdings noch schwach.<\/p>\n<p><span style=\"color: #0000ff;\">In due time we&#8217;ll have winter here and the first open flowers of the <em>viburnum bodnantense &#8222;Dawn&#8220;.<\/em>..is the proof. The perfume of the tiny blooms however isn&#8217;t strong yet.<\/span><\/p>\n<p><a href=\"http:\/\/baroga.ch\/wp-content\/uploads\/2011\/10\/IMG_3555.jpg\" class=\"thickbox no_icon\"><img loading=\"lazy\" decoding=\"async\" class=\"aligncenter size-medium wp-image-3442\" title=\"IMG_3555\" src=\"http:\/\/baroga.ch\/wp-content\/uploads\/2011\/10\/IMG_3555-300x400.jpg\" alt=\"\" width=\"300\" height=\"400\" srcset=\"https:\/\/baroga.ch\/wp-content\/uploads\/2011\/10\/IMG_3555-300x400.jpg 300w, https:\/\/baroga.ch\/wp-content\/uploads\/2011\/10\/IMG_3555.jpg 480w\" sizes=\"auto, (max-width: 300px) 100vw, 300px\" \/><\/a>Und eine der Rhododendronpflanze bequemt sich nochmals zu bl\u00fchen. Sie hat sich wohl in der Jahreszeit get\u00e4uscht. Dass eine weisse Pflanze jeweils ein zweites Mal bl\u00fcht habe ich in den vergangenen Jahren feststellen k\u00f6nnen. Aber diesmal ist es eine rote Sorte. Eine (willkommene) sch\u00f6ne Laune der Natur?<\/p>\n<p><span style=\"color: #0000ff;\">At this time of the year one of the rhododendron plants wants to show us a second blossom. Some years ago, I noticed that\u00a0 from time to time a white rhododendron here is also flowering twice a year. But now it is a red sort. A (welcome) nice freak of nature?<br \/>\n<\/span><\/p>\n<p><a href=\"http:\/\/baroga.ch\/wp-content\/uploads\/2011\/10\/IMG_3453.jpg\" class=\"thickbox no_icon\"><img loading=\"lazy\" decoding=\"async\" class=\"aligncenter size-medium wp-image-3443\" title=\"IMG_3453\" src=\"http:\/\/baroga.ch\/wp-content\/uploads\/2011\/10\/IMG_3453-300x400.jpg\" alt=\"\" width=\"300\" height=\"400\" srcset=\"https:\/\/baroga.ch\/wp-content\/uploads\/2011\/10\/IMG_3453-300x400.jpg 300w, https:\/\/baroga.ch\/wp-content\/uploads\/2011\/10\/IMG_3453.jpg 480w\" sizes=\"auto, (max-width: 300px) 100vw, 300px\" \/><\/a>Meine Lieblingsbesch\u00e4ftigung im Herbst, das Laubwischen, ist auch wieder ein fester Bestandteil im Tagesablauf geworden. Noch einige st\u00fcrmische, windige Tage und dann ist diese Arbeit f\u00fcr dieses Jahr auch bereits Vergangenheit.<\/p>\n<p><span style=\"color: #0000ff;\">My favourite activity in autumn certainly is the raking of the fallen leaves and now again this is my daily task. When some windy and stormy days come up, this job is history too.<\/span><\/p>\n<p>&nbsp;<\/p>\n","protected":false},"excerpt":{"rendered":"<p>Es sind doch mehrere Wochen vergangen seit meinem letzten Eintrag. Herzlichen Dank f\u00fcr all die guten W\u00fcnsche, die mir zugeschickt worden sind. Ich habe mich sehr gefreut dar\u00fcber&#8230;.und sie haben geholfen \ud83d\ude42 ! Mit der wiedergewonnenen Mobilit\u00e4t ist auch die &hellip; <a href=\"https:\/\/baroga.ch\/?p=3426\">Weiterlesen <span class=\"meta-nav\">&rarr;<\/span><\/a><\/p>\n","protected":false},"author":1,"featured_media":0,"comment_status":"open","ping_status":"open","sticky":false,"template":"","format":"standard","meta":{"footnotes":""},"categories":[41],"tags":[],"class_list":["post-3426","post","type-post","status-publish","format-standard","hentry","category-garten-garden"],"_links":{"self":[{"href":"https:\/\/baroga.ch\/index.php?rest_route=\/wp\/v2\/posts\/3426","targetHints":{"allow":["GET"]}}],"collection":[{"href":"https:\/\/baroga.ch\/index.php?rest_route=\/wp\/v2\/posts"}],"about":[{"href":"https:\/\/baroga.ch\/index.php?rest_route=\/wp\/v2\/types\/post"}],"author":[{"embeddable":true,"href":"https:\/\/baroga.ch\/index.php?rest_route=\/wp\/v2\/users\/1"}],"replies":[{"embeddable":true,"href":"https:\/\/baroga.ch\/index.php?rest_route=%2Fwp%2Fv2%2Fcomments&post=3426"}],"version-history":[{"count":20,"href":"https:\/\/baroga.ch\/index.php?rest_route=\/wp\/v2\/posts\/3426\/revisions"}],"predecessor-version":[{"id":3465,"href":"https:\/\/baroga.ch\/index.php?rest_route=\/wp\/v2\/posts\/3426\/revisions\/3465"}],"wp:attachment":[{"href":"https:\/\/baroga.ch\/index.php?rest_route=%2Fwp%2Fv2%2Fmedia&parent=3426"}],"wp:term":[{"taxonomy":"category","embeddable":true,"href":"https:\/\/baroga.ch\/index.php?rest_route=%2Fwp%2Fv2%2Fcategories&post=3426"},{"taxonomy":"post_tag","embeddable":true,"href":"https:\/\/baroga.ch\/index.php?rest_route=%2Fwp%2Fv2%2Ftags&post=3426"}],"curies":[{"name":"wp","href":"https:\/\/api.w.org\/{rel}","templated":true}]}}