{"id":3827,"date":"2013-02-11T10:10:59","date_gmt":"2013-02-11T08:10:59","guid":{"rendered":"http:\/\/baroga.ch\/?p=3827"},"modified":"2013-02-11T10:19:20","modified_gmt":"2013-02-11T08:19:20","slug":"sudwarts-garten-schloss-trauttmansdorff-southwards-the-gardens-of-trauttmansdorff-castle","status":"publish","type":"post","link":"https:\/\/baroga.ch\/?p=3827","title":{"rendered":"S\u00fcdw\u00e4rts&#8230;.G\u00e4rten Schloss Trauttmansdorff \/ Southwards&#8230;.the Gardens of Trauttmansdorff Castle"},"content":{"rendered":"<p><a href=\"http:\/\/baroga.ch\/wp-content\/uploads\/2013\/02\/IMG_5020.jpg\" class=\"thickbox no_icon\"><img loading=\"lazy\" decoding=\"async\" class=\"aligncenter size-medium wp-image-3828\" alt=\"IMG_5020\" src=\"http:\/\/baroga.ch\/wp-content\/uploads\/2013\/02\/IMG_5020-450x337.jpg\" width=\"450\" height=\"337\" srcset=\"https:\/\/baroga.ch\/wp-content\/uploads\/2013\/02\/IMG_5020-450x337.jpg 450w, https:\/\/baroga.ch\/wp-content\/uploads\/2013\/02\/IMG_5020.jpg 640w\" sizes=\"auto, (max-width: 450px) 100vw, 450px\" \/><\/a>Draussen bei uns ist der Garten wieder schneebedeckt und da ich Lust nach W\u00e4rme und etwas Farbe habe, st\u00f6bere ich in meinem Fotoarchiv. Letzten Juli, auf dem Weg zu meiner Schwester in Italien, hielten wir endlich auch einmal\u00a0 in den G\u00e4rten von Schloss Trauttmannsdorff, s\u00fcdlich von Meran an. In all den Jahren, die wir diese Strecke fuhren hatten wir es nie geschafft. Die Neugierde war gross, denn ich hatte schon einiges gelesen \u00fcber diesen 20 ha grossen botanischen Garten . Das Schloss \u00fcbrigens war\u00a0 zweimal\u00a0 auch\u00a0 Feriendomizil\u00a0 der \u00f6sterreichischen Kaiserin Elisabeth (Sissi), die dort den Winter, des milden Klimas wegen, verbrachte.\u00a0 Im Schloss selbst hat es ein Tourismusmuseum, das wir dieses Mal nicht besichtigten.<\/p>\n<p><em>It&#8217;s still winter here and our garden again covered with a thick layer of snow. I&#8217;m longing for some colour and warmth and therefore I&#8217;m browsing in my photos of last year.\u00a0 In July, on the way to my sister who lives in Italy, we finally made a stop at the gardens of Trauttmansdorff\u00a0 Castle, south of the city of Meran (South Tyrol, Italy). During all the years we took this route, we never managed to do it. Having already read several articles about these\u00a0 gardens I was quite curious to see them now in reality. Besides, the castle was\u00a0 twice the holiday resort of the Austrian Empress Elisabeth (also known as Sissi) who stayed there over winter which is\u00a0 said to be the mildest one in Central Europe. Today the castle has a museum of tourism, which we didn&#8217;t visit this time.<\/em><\/p>\n<p><a href=\"http:\/\/baroga.ch\/wp-content\/uploads\/2013\/02\/IMG_5034.jpg\" class=\"thickbox no_icon\"><img loading=\"lazy\" decoding=\"async\" class=\"aligncenter size-medium wp-image-3829\" alt=\"IMG_5034\" src=\"http:\/\/baroga.ch\/wp-content\/uploads\/2013\/02\/IMG_5034-450x337.jpg\" width=\"450\" height=\"337\" srcset=\"https:\/\/baroga.ch\/wp-content\/uploads\/2013\/02\/IMG_5034-450x337.jpg 450w, https:\/\/baroga.ch\/wp-content\/uploads\/2013\/02\/IMG_5034.jpg 640w\" sizes=\"auto, (max-width: 450px) 100vw, 450px\" \/><\/a>Einen &#8211; leider kurzen &#8211;\u00a0 Eindruck von den riesigen und interessant angelegten\u00a0 vier Gartenbereichen habe ich bekommen&#8230;.und auch die Lust diese zu einer anderen Jahreszeit wieder zu besuchen.<\/p>\n<p><em>Due to the short visit, we only got a little impression of the huge botanical garden\u00a0 (on 20 hectares) which\u00a0 mainly is formed into terraces<\/em> <em>. We&#8217;ll certainly visit these gardens again next time when we are visiting my sister, hopefully in another season.<\/em><\/p>\n<p><a href=\"http:\/\/baroga.ch\/wp-content\/uploads\/2013\/02\/IMG_5023.jpg\" class=\"thickbox no_icon\"><img loading=\"lazy\" decoding=\"async\" class=\"aligncenter size-medium wp-image-3830\" alt=\"IMG_5023\" src=\"http:\/\/baroga.ch\/wp-content\/uploads\/2013\/02\/IMG_5023-450x337.jpg\" width=\"450\" height=\"337\" srcset=\"https:\/\/baroga.ch\/wp-content\/uploads\/2013\/02\/IMG_5023-450x337.jpg 450w, https:\/\/baroga.ch\/wp-content\/uploads\/2013\/02\/IMG_5023.jpg 640w\" sizes=\"auto, (max-width: 450px) 100vw, 450px\" \/><\/a>Eigentlich h\u00e4tte ich wissen m\u00fcssen, dass man Ende Juni in Italien keinen \u00fcppig bl\u00fchenden Garten erwarten darf und es war dann auch so. Wir waren gerade \u00fcber Mittag dort und das Licht auch alles andere als fototauglich.<\/p>\n<p><em>In fact, I should have known that one cannot expect a blooming paradise end of June during the month of July. And indeed, so it was. We stayed there during midday and hence the light for takeing pictures wasn&#8217;t too perfect.<\/em><\/p>\n<p><a href=\"http:\/\/baroga.ch\/wp-content\/uploads\/2013\/02\/IMG_5031.jpg\" class=\"thickbox no_icon\"><img loading=\"lazy\" decoding=\"async\" class=\"aligncenter size-medium wp-image-3831\" alt=\"IMG_5031\" src=\"http:\/\/baroga.ch\/wp-content\/uploads\/2013\/02\/IMG_5031-450x337.jpg\" width=\"450\" height=\"337\" srcset=\"https:\/\/baroga.ch\/wp-content\/uploads\/2013\/02\/IMG_5031-450x337.jpg 450w, https:\/\/baroga.ch\/wp-content\/uploads\/2013\/02\/IMG_5031.jpg 640w\" sizes=\"auto, (max-width: 450px) 100vw, 450px\" \/><\/a><\/p>\n<p>Verschiedene Wege schl\u00e4ngeln sich vom Eingang oben in den Bereich der Terrassen- und Wasserg\u00e4rten\u00a0 nach unten. Da k\u00f6nnen auch Rollst\u00fchle und Kinderwagen bequem gefahren werden. Im Mai m\u00fcssen diese Wege \u00fcbrigens wundersch\u00f6n sein, denn sie werden u.a. von vielen Pfingstrosen ges\u00e4umt.<\/p>\n<p><em>Various paths are winding down to the big pond, perfect for wheel chairs and baby strollers too. I guess it must look beautiful in May when among other plants all the peonies &#8211; bordering the paths &#8211; are in full bloom.<\/em><\/p>\n<p><a href=\"http:\/\/baroga.ch\/wp-content\/uploads\/2013\/02\/IMG_5035.jpg\" class=\"thickbox no_icon\"><img loading=\"lazy\" decoding=\"async\" class=\"aligncenter size-medium wp-image-3832\" alt=\"IMG_5035\" src=\"http:\/\/baroga.ch\/wp-content\/uploads\/2013\/02\/IMG_5035-300x400.jpg\" width=\"300\" height=\"400\" srcset=\"https:\/\/baroga.ch\/wp-content\/uploads\/2013\/02\/IMG_5035-300x400.jpg 300w, https:\/\/baroga.ch\/wp-content\/uploads\/2013\/02\/IMG_5035.jpg 480w\" sizes=\"auto, (max-width: 300px) 100vw, 300px\" \/><\/a>Man musste schon genau hinsehen um Farbtupfer bwz. Bl\u00fchendes zu entdecken.<\/p>\n<p><em>One had to look twice in order to discover a little spot of colour.<\/em><\/p>\n<p><a href=\"http:\/\/baroga.ch\/wp-content\/uploads\/2013\/02\/IMG_5036.jpg\" class=\"thickbox no_icon\"><img loading=\"lazy\" decoding=\"async\" class=\"aligncenter size-medium wp-image-3833\" alt=\"IMG_5036\" src=\"http:\/\/baroga.ch\/wp-content\/uploads\/2013\/02\/IMG_5036-450x337.jpg\" width=\"450\" height=\"337\" srcset=\"https:\/\/baroga.ch\/wp-content\/uploads\/2013\/02\/IMG_5036-450x337.jpg 450w, https:\/\/baroga.ch\/wp-content\/uploads\/2013\/02\/IMG_5036.jpg 640w\" sizes=\"auto, (max-width: 450px) 100vw, 450px\" \/><\/a>Aber manchmal sind es ja auch die Formen, die einen zweiten Blick verdienen.<\/p>\n<p><em>But sometimes it is a special shape that deserves another look.<\/em><\/p>\n<p><a href=\"http:\/\/baroga.ch\/wp-content\/uploads\/2013\/02\/IMG_5037.jpg\" class=\"thickbox no_icon\"><img loading=\"lazy\" decoding=\"async\" class=\"aligncenter size-medium wp-image-3834\" alt=\"IMG_5037\" src=\"http:\/\/baroga.ch\/wp-content\/uploads\/2013\/02\/IMG_5037-450x337.jpg\" width=\"450\" height=\"337\" srcset=\"https:\/\/baroga.ch\/wp-content\/uploads\/2013\/02\/IMG_5037-450x337.jpg 450w, https:\/\/baroga.ch\/wp-content\/uploads\/2013\/02\/IMG_5037.jpg 640w\" sizes=\"auto, (max-width: 450px) 100vw, 450px\" \/><\/a>Unten am grossen Teich stehen viele Rosent\u00f6pfe, die wahrscheinlich anfangs Juni wunderbar gebl\u00fcht hatten.<\/p>\n<p><em>At the border of the pond we saw a lot of containers with roses which probably have flowered beautifully in the beginning of June.<\/em><\/p>\n<p><a href=\"http:\/\/baroga.ch\/wp-content\/uploads\/2013\/02\/IMG_5038.jpg\" class=\"thickbox no_icon\"><img loading=\"lazy\" decoding=\"async\" class=\"aligncenter size-medium wp-image-3835\" alt=\"IMG_5038\" src=\"http:\/\/baroga.ch\/wp-content\/uploads\/2013\/02\/IMG_5038-450x337.jpg\" width=\"450\" height=\"337\" srcset=\"https:\/\/baroga.ch\/wp-content\/uploads\/2013\/02\/IMG_5038-450x337.jpg 450w, https:\/\/baroga.ch\/wp-content\/uploads\/2013\/02\/IMG_5038.jpg 640w\" sizes=\"auto, (max-width: 450px) 100vw, 450px\" \/><\/a>Aus dem Waldbereich (auch ein Teil des Gartens) sahen wir ein etwas eigenartiges Objekt herausblicken.<\/p>\n<p><em>Out of the forest (this is another part of the gardens) a special object peeked out.<\/em><\/p>\n<p><em><\/em><a href=\"http:\/\/baroga.ch\/wp-content\/uploads\/2013\/02\/IMG_5033.jpg\" class=\"thickbox no_icon\"><img loading=\"lazy\" decoding=\"async\" class=\"aligncenter size-medium wp-image-3838\" alt=\"IMG_5033\" src=\"http:\/\/baroga.ch\/wp-content\/uploads\/2013\/02\/IMG_5033-450x337.jpg\" width=\"450\" height=\"337\" srcset=\"https:\/\/baroga.ch\/wp-content\/uploads\/2013\/02\/IMG_5033-450x337.jpg 450w, https:\/\/baroga.ch\/wp-content\/uploads\/2013\/02\/IMG_5033.jpg 640w\" sizes=\"auto, (max-width: 450px) 100vw, 450px\" \/><\/a><\/p>\n<p>Mit dem Zoom der Kamera wurde dann die Aussichstplattform deutlich. Welch wohl wunderbarer Blick er\u00f6ffnet sich von dort ins Tal von Meran&#8230;.der uns leider wegen Zeitmangels verwehrt geblieben war. Aber wir sind ja nicht zum letzten Mal hier auf der Durchreise.<\/p>\n<p><em>The zoom of my camera revealed a viewing platform. I can only imagine what one can see from there, the whole valley and surroundings of Meran.<\/em><\/p>\n<p><a href=\"http:\/\/baroga.ch\/wp-content\/uploads\/2013\/02\/IMG_5030.jpg\" class=\"thickbox no_icon\"><img loading=\"lazy\" decoding=\"async\" class=\"aligncenter size-medium wp-image-3836\" alt=\"IMG_5030\" src=\"http:\/\/baroga.ch\/wp-content\/uploads\/2013\/02\/IMG_5030-450x337.jpg\" width=\"450\" height=\"337\" srcset=\"https:\/\/baroga.ch\/wp-content\/uploads\/2013\/02\/IMG_5030-450x337.jpg 450w, https:\/\/baroga.ch\/wp-content\/uploads\/2013\/02\/IMG_5030.jpg 640w\" sizes=\"auto, (max-width: 450px) 100vw, 450px\" \/><\/a><\/p>\n<p>Vorbei an bl\u00fchenden Kakteen spazierten wir wieder zum oberen Bereich des Gartens, wo meine Kamera gerade noch zwei Bilder schaffte, bevor der Akku leer war.<\/p>\n<p><em>Strolling past along flowering cactus we came back to the upper part of the garden when the battery of my camera stopped after two last pictures (below).<\/em><\/p>\n<p><a href=\"http:\/\/baroga.ch\/wp-content\/uploads\/2013\/02\/IMG_5041.jpg\" class=\"thickbox no_icon\"><img loading=\"lazy\" decoding=\"async\" class=\"aligncenter size-medium wp-image-3839\" alt=\"IMG_5041\" src=\"http:\/\/baroga.ch\/wp-content\/uploads\/2013\/02\/IMG_5041-450x337.jpg\" width=\"450\" height=\"337\" srcset=\"https:\/\/baroga.ch\/wp-content\/uploads\/2013\/02\/IMG_5041-450x337.jpg 450w, https:\/\/baroga.ch\/wp-content\/uploads\/2013\/02\/IMG_5041.jpg 640w\" sizes=\"auto, (max-width: 450px) 100vw, 450px\" \/><\/a> <a href=\"http:\/\/baroga.ch\/wp-content\/uploads\/2013\/02\/IMG_5043.jpg\" class=\"thickbox no_icon\"><img loading=\"lazy\" decoding=\"async\" class=\"aligncenter size-medium wp-image-3841\" alt=\"IMG_5043\" src=\"http:\/\/baroga.ch\/wp-content\/uploads\/2013\/02\/IMG_5043-450x337.jpg\" width=\"450\" height=\"337\" srcset=\"https:\/\/baroga.ch\/wp-content\/uploads\/2013\/02\/IMG_5043-450x337.jpg 450w, https:\/\/baroga.ch\/wp-content\/uploads\/2013\/02\/IMG_5043.jpg 640w\" sizes=\"auto, (max-width: 450px) 100vw, 450px\" \/><\/a>Den fern\u00f6stlich angehauchte Gartenteil hinter dem Schloss oben genauer anzuschauen, verschoben wir auf ein n\u00e4chstes Mal. Wir haben auch die Waldg\u00e4rten nicht gesehen, also lohnt sich ein zweiter Besuch auf jeden Fall.<\/p>\n<p><em>At first sight the gardens behind the Castle have a little far Eastern touch. But we decided to postpone the visit of it. We also didn&#8217;t see the gardens in the forest, so a second visit here will certainly be worth it.<\/em><\/p>\n","protected":false},"excerpt":{"rendered":"<p>Draussen bei uns ist der Garten wieder schneebedeckt und da ich Lust nach W\u00e4rme und etwas Farbe habe, st\u00f6bere ich in meinem Fotoarchiv. Letzten Juli, auf dem Weg zu meiner Schwester in Italien, hielten wir endlich auch einmal\u00a0 in den &hellip; <a href=\"https:\/\/baroga.ch\/?p=3827\">Weiterlesen <span class=\"meta-nav\">&rarr;<\/span><\/a><\/p>\n","protected":false},"author":1,"featured_media":0,"comment_status":"open","ping_status":"open","sticky":false,"template":"","format":"standard","meta":{"footnotes":""},"categories":[97,43],"tags":[],"class_list":["post-3827","post","type-post","status-publish","format-standard","hentry","category-italien","category-reisen-travels"],"_links":{"self":[{"href":"https:\/\/baroga.ch\/index.php?rest_route=\/wp\/v2\/posts\/3827","targetHints":{"allow":["GET"]}}],"collection":[{"href":"https:\/\/baroga.ch\/index.php?rest_route=\/wp\/v2\/posts"}],"about":[{"href":"https:\/\/baroga.ch\/index.php?rest_route=\/wp\/v2\/types\/post"}],"author":[{"embeddable":true,"href":"https:\/\/baroga.ch\/index.php?rest_route=\/wp\/v2\/users\/1"}],"replies":[{"embeddable":true,"href":"https:\/\/baroga.ch\/index.php?rest_route=%2Fwp%2Fv2%2Fcomments&post=3827"}],"version-history":[{"count":23,"href":"https:\/\/baroga.ch\/index.php?rest_route=\/wp\/v2\/posts\/3827\/revisions"}],"predecessor-version":[{"id":3864,"href":"https:\/\/baroga.ch\/index.php?rest_route=\/wp\/v2\/posts\/3827\/revisions\/3864"}],"wp:attachment":[{"href":"https:\/\/baroga.ch\/index.php?rest_route=%2Fwp%2Fv2%2Fmedia&parent=3827"}],"wp:term":[{"taxonomy":"category","embeddable":true,"href":"https:\/\/baroga.ch\/index.php?rest_route=%2Fwp%2Fv2%2Fcategories&post=3827"},{"taxonomy":"post_tag","embeddable":true,"href":"https:\/\/baroga.ch\/index.php?rest_route=%2Fwp%2Fv2%2Ftags&post=3827"}],"curies":[{"name":"wp","href":"https:\/\/api.w.org\/{rel}","templated":true}]}}